{"id":1984,"global_id":"2020.sadlo.eu?id=1984","global_id_lineage":["2020.sadlo.eu?id=1984"],"author":"1","status":"publish","date":"2022-01-01 11:18:00","date_utc":"2022-01-01 10:18:00","modified":"2022-09-01 20:26:45","modified_utc":"2022-09-01 18:26:45","url":"https:\/\/2020.sadlo.eu\/?tribe_events=hybrid-seminar-fuer-fachanwaelte-im-miet-und-wohnungseigentumsrecht-2","rest_url":"https:\/\/2020.sadlo.eu\/index.php?rest_route=\/tribe\/events\/v1\/events\/1984","title":"Hybrid-Seminar f\u00fcr Fachanw\u00e4lte im Miet- und Wohnungseigentumsrecht","description":"<div  class=\"tribe-block tribe-block__events-link\" >\n\t\t<div class=\"tribe-events tribe-common\">\n\t\t\t<div class=\"tribe-events-c-subscribe-dropdown__container\">\n\t\t\t\t<div class=\"tribe-events-c-subscribe-dropdown\">\n\t\t\t\t\t<div class=\"tribe-common-c-btn-border tribe-events-c-subscribe-dropdown__button\">\n\t\t\t\t\t\t<svg\n\t class=\"tribe-common-c-svgicon tribe-common-c-svgicon--cal-export tribe-events-c-subscribe-dropdown__export-icon\" \taria-hidden=\"true\"\n\tviewBox=\"0 0 23 17\"\n\txmlns=\"http:\/\/www.w3.org\/2000\/svg\"\n>\n\t<path fill-rule=\"evenodd\" clip-rule=\"evenodd\" d=\"M.128.896V16.13c0 .211.145.383.323.383h15.354c.179 0 .323-.172.323-.383V.896c0-.212-.144-.383-.323-.383H.451C.273.513.128.684.128.896Zm16 6.742h-.901V4.679H1.009v10.729h14.218v-3.336h.901V7.638ZM1.01 1.614h14.218v2.058H1.009V1.614Z\" \/>\n\t<path d=\"M20.5 9.846H8.312M18.524 6.953l2.89 2.909-2.855 2.855\" stroke-width=\"1.2\" stroke-linecap=\"round\" stroke-linejoin=\"round\"\/>\n<\/svg>\n\t\t\t\t\t\t<button\n\t\t\t\t\t\t\tclass=\"tribe-events-c-subscribe-dropdown__button-text\"\n\t\t\t\t\t\t\taria-expanded=\"false\"\n\t\t\t\t\t\t\taria-controls=\"tribe-events-subscribe-dropdown-content\"\n\t\t\t\t\t\t\taria-label=\"Zeige Links an um Veranstaltungen zu deinem Kalender hinzuzuf\u00fcgen\"\n\t\t\t\t\t\t>\n\t\t\t\t\t\t\tZum Kalender hinzuf\u00fcgen\t\t\t\t\t\t<\/button>\n\t\t\t\t\t\t<svg\n\t class=\"tribe-common-c-svgicon tribe-common-c-svgicon--caret-down tribe-events-c-subscribe-dropdown__button-icon\" \taria-hidden=\"true\"\n\tviewBox=\"0 0 10 7\"\n\txmlns=\"http:\/\/www.w3.org\/2000\/svg\"\n>\n\t<path fill-rule=\"evenodd\" clip-rule=\"evenodd\" d=\"M1.008.609L5 4.6 8.992.61l.958.958L5 6.517.05 1.566l.958-.958z\" class=\"tribe-common-c-svgicon__svg-fill\"\/>\n<\/svg>\n\t\t\t\t\t<\/div>\n\t\t\t\t\t<div id=\"tribe-events-subscribe-dropdown-content\" class=\"tribe-events-c-subscribe-dropdown__content\">\n\t\t\t\t\t\t<ul class=\"tribe-events-c-subscribe-dropdown__list\">\n\t\t\t\t\t\t\t\t\t\t\t\t\t\t\t<li class=\"tribe-events-c-subscribe-dropdown__list-item tribe-events-c-subscribe-dropdown__list-item--gcal\">\n\t\t\t\t\t\t\t\t\t<a\n\t\t\t\t\t\t\t\t\t\thref=\"\"\n\t\t\t\t\t\t\t\t\t\tclass=\"tribe-events-c-subscribe-dropdown__list-item-link\"\n\t\t\t\t\t\t\t\t\t\ttarget=\"_blank\"\n\t\t\t\t\t\t\t\t\t\trel=\"noopener noreferrer nofollow noindex\"\n\t\t\t\t\t\t\t\t\t>\n\t\t\t\t\t\t\t\t\t\tGoogle Kalender\t\t\t\t\t\t\t\t\t<\/a>\n\t\t\t\t\t\t\t\t<\/li>\n\t\t\t\t\t\t\t\t\t\t\t\t\t\t\t<li class=\"tribe-events-c-subscribe-dropdown__list-item tribe-events-c-subscribe-dropdown__list-item--ical\">\n\t\t\t\t\t\t\t\t\t<a\n\t\t\t\t\t\t\t\t\t\thref=\"\"\n\t\t\t\t\t\t\t\t\t\tclass=\"tribe-events-c-subscribe-dropdown__list-item-link\"\n\t\t\t\t\t\t\t\t\t\ttarget=\"_blank\"\n\t\t\t\t\t\t\t\t\t\trel=\"noopener noreferrer nofollow noindex\"\n\t\t\t\t\t\t\t\t\t>\n\t\t\t\t\t\t\t\t\t\tiCalendar\t\t\t\t\t\t\t\t\t<\/a>\n\t\t\t\t\t\t\t\t<\/li>\n\t\t\t\t\t\t\t\t\t\t\t\t\t\t\t<li class=\"tribe-events-c-subscribe-dropdown__list-item tribe-events-c-subscribe-dropdown__list-item--outlook-365\">\n\t\t\t\t\t\t\t\t\t<a\n\t\t\t\t\t\t\t\t\t\thref=\"\"\n\t\t\t\t\t\t\t\t\t\tclass=\"tribe-events-c-subscribe-dropdown__list-item-link\"\n\t\t\t\t\t\t\t\t\t\ttarget=\"_blank\"\n\t\t\t\t\t\t\t\t\t\trel=\"noopener noreferrer nofollow noindex\"\n\t\t\t\t\t\t\t\t\t>\n\t\t\t\t\t\t\t\t\t\tOutlook 365\t\t\t\t\t\t\t\t\t<\/a>\n\t\t\t\t\t\t\t\t<\/li>\n\t\t\t\t\t\t\t\t\t\t\t\t\t\t\t<li class=\"tribe-events-c-subscribe-dropdown__list-item tribe-events-c-subscribe-dropdown__list-item--outlook-live\">\n\t\t\t\t\t\t\t\t\t<a\n\t\t\t\t\t\t\t\t\t\thref=\"\"\n\t\t\t\t\t\t\t\t\t\tclass=\"tribe-events-c-subscribe-dropdown__list-item-link\"\n\t\t\t\t\t\t\t\t\t\ttarget=\"_blank\"\n\t\t\t\t\t\t\t\t\t\trel=\"noopener noreferrer nofollow noindex\"\n\t\t\t\t\t\t\t\t\t>\n\t\t\t\t\t\t\t\t\t\tOutlook Live\t\t\t\t\t\t\t\t\t<\/a>\n\t\t\t\t\t\t\t\t<\/li>\n\t\t\t\t\t\t\t\t\t\t\t\t\t<\/ul>\n\t\t\t\t\t<\/div>\n\t\t\t\t<\/div>\n\t\t\t<\/div>\n\t\t<\/div>\n\t<\/div>\n\n\n\n<div  class=\"tribe-events-schedule tribe-clearfix\" >\n\t<p class=\"tribe-events-schedule__datetime\">\n\t\t<span class=\"tribe-events-schedule__date tribe-events-schedule__date--start\">\n\t\t\t\t\t<\/span>\n\n\t\t\t\t\t<span class=\"tribe-events-schedule__separator tribe-events-schedule__separator--date\">\n\t\t\t\t um \t\t\t<\/span>\n\t\t\t<span class=\"tribe-events-schedule__time tribe-events-schedule__time--start\">\n\t\t\t\t\t\t\t<\/span>\n\t\t\n\t\t\t<\/p>\n<\/div>\n\n\n\n<p><\/p>\n\n\n\n\n<div  class=\"tribe-block tribe-block__venue tribe-clearfix\" >\n\t\n\t\t\n\t<\/div>\n\n\n\n\n\n<figure class=\"wp-block-image\"><img decoding=\"async\" src=\"https:\/\/2020.sadlo.eu\/wp-content\/uploads\/2020\/01\/cropped-IMG_5030-5-768x103.jpg\" alt=\"\"\/><\/figure>\n\n\n\n<h1 class=\"wp-block-heading\" id=\"hybrid-seminar-fur-fachanwalte-im-miet-und-wohnungseigentumsrecht\">Hybrid-Seminar f\u00fcr Fachanw\u00e4lte im Miet- und Wohnungseigentumsrecht<\/h1>\n\n\n\n<figure class=\"wp-block-table\"><table><tbody><tr><td>\n<p><strong>Zeit:<\/strong><\/p>\n<\/td><td>16.\/17.09.2022 jeweils von 09.00 &#8211; 18.00 Uhr<\/td><\/tr><tr><td><strong>Kosten:<\/strong><\/td><td><a href=\"https:\/\/2020.sadlo.eu\/wp-content\/uploads\/2022\/01\/Anmeldeformular-Seminare-2022.pdf\" target=\"_blank\" rel=\"noreferrer noopener\">siehe Anmeldung<\/a><\/td><\/tr><tr><td><strong>Fortbildung:<\/strong><\/td><td>Bescheinigung nach \u00a715 FAO pro Modul 5 Stunden insgesamt 15 Stunden<\/td><\/tr><\/tbody><\/table><\/figure>\n\n\n\n<p><strong><u>Modul 1: WEG-Recht<\/u><\/strong><\/p>\n\n\n\n<p><strong>Aktuelle Rechtsprechung (Dr. Kie\u00df)<\/strong><\/p>\n\n\n\n<p>Freitag, 16. September 2022 von 09:00 Uhr bis 12:30 Uhr incl. 15 Minuten Kaffeepause<\/p>\n\n\n\n<p>Freitag, 16. September 2022 von 12:30 Uhr bis 13:15 Uhr Mittagessen<br><br><strong>Schnittstellen zwischen WEG- und Mietrecht (RA Leist)<\/strong> <\/p>\n\n\n\n<p>Freitag, 16. September 2022 von 13:15 Uhr bis 15:00 Uhr incl. 15 Minuten Kaffeepause<\/p>\n\n\n\n<p><strong><u>Modul 2: Aktuelle Rechtsprechung zum Wohnungsmietrecht<\/u><\/strong><\/p>\n\n\n\n<p>Freitag, 16. September von 15:15 Uhr bis 18:00 Uhr incl. 15 Minuten Kaffeepause<\/p>\n\n\n\n<p>Samstag, 17. September von 9:00 Uhr bis 11:45 Uhr incl. 15 Minuten Kaffeepause<\/p>\n\n\n\n<p>Samstag, 17. September von 11:45 Uhr bis 12:30 Uhr Mittagspause<\/p>\n\n\n\n<p><strong><u>Modul 3: Aktuelle Rechtsprechung zum Gewerberaummietrecht<u><\/u><\/u><\/strong><\/p>\n\n\n\n<p><strong>Aktuelle obergerichtliche Rechtsprechung (RA Sadlo)<\/strong><\/p>\n\n\n\n<p>Samstag, 17. September 2022 von 12:30 Uhr bis 15:00 Uhr incl. 15 Minuten Kaffeepause<\/p>\n\n\n\n<p>Samstag, 17. September 2022 von 15:15 Uhr bis 18:00 Uhr incl. 15 Minuten Kaffeepause<\/p>\n\n\n\n<p><em><a href=\"https:\/\/2020.sadlo.eu\/?page_id=1847\"><em>Weitere Seminare:<\/em><\/a><\/em>&nbsp;<\/p>\n\n\n\n<div class=\"wp-block-buttons is-layout-flex wp-block-buttons-is-layout-flex\">\n<div class=\"wp-block-button is-style-outline is-style-outline--1\"><a class=\"wp-block-button__link has-black-color has-white-background-color has-text-color has-background\" href=\"https:\/\/2020.sadlo.eu\/wp-content\/uploads\/2022\/01\/Anmeldeformular-Seminare-2022.pdf\" target=\"_blank\" rel=\"https:\/\/2020.sadlo.eu\/wp-content\/uploads\/2022\/01\/Anmeldeformular-Seminare-2022.pdf noopener\"> Anmeldung<\/a><\/div>\n\n\n\n<div class=\"wp-block-button is-style-outline is-style-outline--2\"><a class=\"wp-block-button__link has-black-color has-white-background-color has-text-color has-background\" href=\"https:\/\/2020.sadlo.eu\/wp-content\/uploads\/2022\/08\/Inhalt_und_Ablauf_16_.17_-September_2022-.pdf\" target=\"_blank\" rel=\"noreferrer noopener\">Inhalt<\/a><\/div>\n<\/div>\n\n\n\n<p><\/p>","excerpt":"","slug":"hybrid-seminar-fuer-fachanwaelte-im-miet-und-wohnungseigentumsrecht-2","image":false,"all_day":false,"start_date":"2022-09-16 09:00:00","start_date_details":{"year":"2022","month":"09","day":"16","hour":"09","minutes":"00","seconds":"00"},"end_date":"2022-09-17 18:00:00","end_date_details":{"year":"2022","month":"09","day":"17","hour":"18","minutes":"00","seconds":"00"},"utc_start_date":"2022-09-16 07:00:00","utc_start_date_details":{"year":"2022","month":"09","day":"16","hour":"07","minutes":"00","seconds":"00"},"utc_end_date":"2022-09-17 16:00:00","utc_end_date_details":{"year":"2022","month":"09","day":"17","hour":"16","minutes":"00","seconds":"00"},"timezone":"Europe\/Berlin","timezone_abbr":"","cost":"","cost_details":{"currency_symbol":"\u20ac","currency_code":"","currency_position":"suffix","values":[]},"website":"","show_map":true,"show_map_link":true,"hide_from_listings":false,"sticky":false,"featured":false,"categories":[{"name":"Miet- und Wohnungseigentumsrecht","slug":"miet-weg","term_group":0,"term_taxonomy_id":9,"taxonomy":"tribe_events_cat","description":"","parent":0,"count":4,"filter":"raw","id":9,"urls":{"self":"https:\/\/2020.sadlo.eu\/index.php?rest_route=\/tribe\/events\/v1\/categories\/9","collection":"https:\/\/2020.sadlo.eu\/index.php?rest_route=\/tribe\/events\/v1\/categories"}}],"tags":[],"venue":[],"organizer":[],"custom_fields":[],"json_ld":{"@context":"http:\/\/schema.org","@type":"Event","name":"Hybrid-Seminar f\u00fcr Fachanw\u00e4lte im Miet- und Wohnungseigentumsrecht","description":"&lt;p&gt;Hybrid-Seminar f\u00fcr Fachanw\u00e4lte im Miet- und Wohnungseigentumsrecht Zeit: 16.\/17.09.2022 jeweils von 09.00 - 18.00 UhrKosten:siehe AnmeldungFortbildung:Bescheinigung nach \u00a715 FAO pro Modul 5 Stunden insgesamt 15 Stunden Modul 1: WEG-Recht Aktuelle [&hellip;]&lt;\/p&gt;\\n","url":"https:\/\/2020.sadlo.eu\/?tribe_events=hybrid-seminar-fuer-fachanwaelte-im-miet-und-wohnungseigentumsrecht-2","eventAttendanceMode":"https:\/\/schema.org\/OfflineEventAttendanceMode","eventStatus":"https:\/\/schema.org\/EventScheduled","startDate":"2022-09-16T09:00:00+02:00","endDate":"2022-09-17T18:00:00+02:00","performer":"Organization"}}